{"id":11976,"date":"2025-04-27T17:11:35","date_gmt":"2025-04-27T15:11:35","guid":{"rendered":"https:\/\/fundiveteam.ch\/?p=11976"},"modified":"2025-04-27T17:11:35","modified_gmt":"2025-04-27T15:11:35","slug":"rueckblick-fun-dive-team-gv-vereinsjahr-2024","status":"publish","type":"post","link":"https:\/\/fundiveteam.ch\/?p=11976","title":{"rendered":"R\u00fcckblick Fun Dive Team GV Vereinsjahr 2024"},"content":{"rendered":"\n<p>Um 18.50 Uhr konnte die Generalversammlung mit 17 anwesenden Mitgliedern gestartet werden.<\/p>\n<p>Schnell ging es durch die Trakanden. Da f\u00fcr Martin Wicki (Aktuar) kein Nachfolger gefunden werden konnte und mit der R\u00fccktrittsmeldung von Fredy Seiler (Pr\u00e4sident) ab GV f\u00fcr das Vereinsjahr 2025 niemand Interesse f\u00fcr dieses Amt zeigte, steht die Zukunft des Vereins zur Diskussion. Damit der Verein nicht aufgel\u00f6st werden muss, haben Rafael Habegger und Moni Arnet mitgeteilt, dass sie sich zur Verf\u00fcgung stellen w\u00fcrden, falls sich bis Mitte 2025 niemand meldet. Vielen Dank Raphael und Moni f\u00fcr den Vorschlag. Danach wurde die GV gem\u00e4ss den Traktanden weitergef\u00fchrt.<\/p>\n<p>Rafael Habegger wurde als neuer Tauchleiter begr\u00fcsst und Fredy Seiler als Tauchleiter verabschiedet.<\/p>\n<p>Zum h\u00e4ufigsten Taucher wurde Urs Watenhofer und zur fleissigsten Tauchleiterin Trix Zahnd ausgezeichnet.<\/p>\n<p>Conny Seiler machte den Vorschlag, eine 3-in-One-Vereinsjacke anzuschaffen. Die Vereinsmitglieder begr\u00fcssten diesen Vorschlag. Heidi Brandenberger wird eine Offerte einholen.<\/p>\n<p>Zum Abschluss wurde den anwesenden Mitgliedern mitgeteilt, dass der Verein s\u00e4mtliche Getr\u00e4nke und das Essen \u00fcbernehmen wird.<\/p>\n<p>Mit einem anschliessenden feinen Abendessen und einem lustigen Spiel, herzlichen Dank Heidi Brandenberger f\u00fcr das Organisieren, haben wir einen sch\u00f6nen Abend zusammen verbracht.<\/p>\n<p>&nbsp;<\/p>\n<p>Der Pr\u00e4sident<\/p>\n<p>Fredy Seiler<\/p>\n","protected":false},"excerpt":{"rendered":"<p>Um 18.50 Uhr konnte die Generalversammlung mit 17 anwesenden Mitgliedern gestartet werden. Schnell ging es durch die Trakanden. Da f\u00fcr Martin Wicki (Aktuar) kein Nachfolger gefunden werden konnte und mit der R\u00fccktrittsmeldung von Fredy Seiler (Pr\u00e4sident) ab GV f\u00fcr das Vereinsjahr 2025 niemand Interesse f\u00fcr dieses Amt zeigte, steht die\u2026<\/p>\n<p class=\"continue-reading-button\"> <a class=\"continue-reading-link\" href=\"https:\/\/fundiveteam.ch\/?p=11976\">weiter lesen<i class=\"crycon-right-dir\"><\/i><\/a><\/p>\n","protected":false},"author":1,"featured_media":0,"comment_status":"closed","ping_status":"open","sticky":false,"template":"","format":"standard","meta":{"ngg_post_thumbnail":0,"footnotes":""},"categories":[29],"tags":[],"class_list":["post-11976","post","type-post","status-publish","format-standard","hentry","category-berichte"],"_links":{"self":[{"href":"https:\/\/fundiveteam.ch\/index.php?rest_route=\/wp\/v2\/posts\/11976","targetHints":{"allow":["GET"]}}],"collection":[{"href":"https:\/\/fundiveteam.ch\/index.php?rest_route=\/wp\/v2\/posts"}],"about":[{"href":"https:\/\/fundiveteam.ch\/index.php?rest_route=\/wp\/v2\/types\/post"}],"author":[{"embeddable":true,"href":"https:\/\/fundiveteam.ch\/index.php?rest_route=\/wp\/v2\/users\/1"}],"replies":[{"embeddable":true,"href":"https:\/\/fundiveteam.ch\/index.php?rest_route=%2Fwp%2Fv2%2Fcomments&post=11976"}],"version-history":[{"count":1,"href":"https:\/\/fundiveteam.ch\/index.php?rest_route=\/wp\/v2\/posts\/11976\/revisions"}],"predecessor-version":[{"id":11977,"href":"https:\/\/fundiveteam.ch\/index.php?rest_route=\/wp\/v2\/posts\/11976\/revisions\/11977"}],"wp:attachment":[{"href":"https:\/\/fundiveteam.ch\/index.php?rest_route=%2Fwp%2Fv2%2Fmedia&parent=11976"}],"wp:term":[{"taxonomy":"category","embeddable":true,"href":"https:\/\/fundiveteam.ch\/index.php?rest_route=%2Fwp%2Fv2%2Fcategories&post=11976"},{"taxonomy":"post_tag","embeddable":true,"href":"https:\/\/fundiveteam.ch\/index.php?rest_route=%2Fwp%2Fv2%2Ftags&post=11976"}],"curies":[{"name":"wp","href":"https:\/\/api.w.org\/{rel}","templated":true}]}}